{"id":5543,"date":"2024-09-12T05:45:04","date_gmt":"2024-09-12T03:45:04","guid":{"rendered":"https:\/\/envise.io\/?p=5543"},"modified":"2024-10-08T05:49:22","modified_gmt":"2024-10-08T03:49:22","slug":"envise-moter-emanuel-vardi","status":"publish","type":"post","link":"https:\/\/envise.io\/sv\/envise-moter-emanuel-vardi\/","title":{"rendered":"Envise M\u00f6ter: Emanuel Vardi"},"content":{"rendered":"\r\n\r\n<section class=\"contentPreview s_padding \" style=\"\">\r\n    <div class=\"container\">\r\n\r\n        <div class=\"contentPreview__block\">\r\n            <div class=\"wrap\">\r\n\r\n                                    <div class=\"breadcrumbs breadcrumbs__black 222\">\r\n                        <a class=\"breadcrumbs__link\" href=\"https:\/\/envise.io\/sv\/\" class=\"\">\r\n                            <span>Start<\/span>\r\n                            <svg width=\"16\" height=\"16\" viewBox=\"0 0 16 16\" fill=\"none\" xmlns=\"http:\/\/www.w3.org\/2000\/svg\">\r\n                                <circle cx=\"8\" cy=\"8\" r=\"7.5\" stroke=\"#303233\" \/>\r\n                                <path d=\"M8.9 6L8.477 6.40286L9.851 7.71429H5V8.28571H9.851L8.474 9.59714L8.9 10L11 8L8.9 6Z\" fill=\"black\" \/>\r\n                            <\/svg>\r\n                        <\/a>\r\n                                                <span class=\"breadcrumbs__item\">\r\n                            Envise M\u00f6ter: Emanuel Vardi                        <\/span>\r\n                    <\/div>\r\n                \r\n                                    <h1>Envise M\u00f6ter: Emanuel Vardi<\/h1>\r\n                \r\n                \r\n                \r\n                                    <span class=\"contentPreview__date\">\r\n                        2024\/09\/12                    <\/span>\r\n                \r\n                                    <article class=\"article\">\r\n                        <p><span style=\"font-weight: 400;\">Vi satte oss ner med Emanuel Vardi, VD p\u00e5 Enkla Hem f\u00f6r att diskutera marknadstrender, framtidsutsikter och de utmaningar som v\u00e4ntar branschen. H\u00e4r \u00e4r hans tankar om framtiden f\u00f6r bostadsmarknaden och hur Enkla Hem navigerar genom en f\u00f6r\u00e4nderlig tid.<\/span><\/p>\n<p><b>Hur ser du p\u00e5 framtiden f\u00f6r bostadsmarknaden? Vilka \u00e4r de mest betydande trenderna och f\u00f6r\u00e4ndringarna du ser p\u00e5 horisonten?<\/b><\/p>\n<p><span style=\"font-weight: 400;\">\u2013 Framtiden f\u00f6r bostadsmarknaden kommer att vara fortsatt utmanande. Vi befinner oss i en tidsperiod som \u00e4nnu inte riktigt har satt sig. Vi \u00e4r p\u00e5 v\u00e4g mot en mer positiv utveckling, men det finns fortfarande stora utmaningar att tackla. Vi har sett en betydande dipp p\u00e5 marknaden, och risken \u00e4r att v\u00e4gen tillbaka blir mer segdragen \u00e4n m\u00e5nga hoppas p\u00e5.\u00a0<\/span><\/p>\n<p><span style=\"font-weight: 400;\">En av de mest framtr\u00e4dande f\u00f6r\u00e4ndringarna \u00e4r det \u00f6kade fokuset p\u00e5 trygghet i k\u00f6pen. Det har blivit allt sv\u00e5rare att s\u00e4lja bost\u00e4der p\u00e5 ritning, b\u00e5de p\u00e5 grund av h\u00e5rdare krav fr\u00e5n banker och st\u00f6rre kravst\u00e4llning fr\u00e5n k\u00f6parna. K\u00f6parna har nu en b\u00e4ttre f\u00f6rst\u00e5else f\u00f6r ekonomi och l\u00e4get har blivit en \u00e4nnu st\u00f6rre nyckelfaktor.<\/span><\/p>\n<p><b>Vilka l\u00e5ngsiktiga faktorer tror du kommer att p\u00e5verka bostadsutvecklingen de n\u00e4rmaste 5-10 \u00e5ren?<\/b><\/p>\n<p><span style=\"font-weight: 400;\">\u2013 P\u00e5 l\u00e5ng sikt tror jag att vi kommer att se en starkare marknad \u00e4n tidigare. Att h\u00e5lla inflationen under kontroll kommer att vara en utmaning, och det \u00e4r viktigt att vi l\u00e4r oss av historien f\u00f6r att undvika att hamna i samma situation igen. Samtidigt tror jag inte att vi kommer att \u00e5terv\u00e4nda till de extremt l\u00e5ga r\u00e4ntorna vi s\u00e5g f\u00f6re pandemin.<\/span><\/p>\n<p><span style=\"font-weight: 400;\">Dessutom kommer h\u00e5llbarhetskrav att p\u00e5verka bostadsutvecklingen i allt h\u00f6gre grad. All nybyggnation ska ha nettoutsl\u00e4pp p\u00e5 noll 2030, vilket kommer att st\u00e4lla nya krav p\u00e5 utvecklare.<\/span><\/p>\n<p><b>Vilka \u00e4r de st\u00f6rsta utmaningarna du ser i projektutveckling idag? Hur hanterar ni dessa utmaningar?<\/b><\/p>\n<p><span style=\"font-weight: 400;\">\u2013 Utmaningarna varierar beroende p\u00e5 vilket skede projektet befinner sig i. I de tidiga skedena, som detaljplaneringen, st\u00f6ter vi p\u00e5 l\u00e5nga processer och m\u00e5nga utredningar som m\u00e5ste genomf\u00f6ras. Resurserna fr\u00e5n kommunerna \u00e4r ofta begr\u00e4nsade, vilket g\u00f6r att allt tar v\u00e4ldigt l\u00e5ng tid. Dessutom \u00e4r \u00f6verklagandeprocesserna en stor bromskloss. H\u00e4r finns det verkligen utrymme f\u00f6r f\u00f6rb\u00e4ttringar, s\u00e4rskilt vad g\u00e4ller att snabba upp beslutsprocesserna.\u00a0<\/span><\/p>\n<p><span style=\"font-weight: 400;\">N\u00e4r det g\u00e4ller de nya h\u00e5llbarhetskraven som jag var inne p\u00e5, att all nybyggnation ska ha nettoutsl\u00e4pp noll 2030, riskerar m\u00e5nga utvecklare att falla ifr\u00e5n om de inte kan leva upp till dessa krav. Det kommer att kr\u00e4vas nyt\u00e4nk och innovation f\u00f6r att klara detta, vilket \u00e4ven kan leda till \u00f6kade kostnader kortsiktigt.<\/span><\/p>\n<p>&nbsp;<\/p>\n<p><b>R\u00e4ntes\u00e4nkningarna signalerar en viss utveckling p\u00e5 marknaden. Vilka effekter ser ni p\u00e5 kort sikt f\u00f6r era projekt?<\/b><\/p>\n<p><span style=\"font-weight: 400;\">\u2013 Vi ser inga v\u00e4sentliga effekter p\u00e5 kort sikt. \u00c4ven om r\u00e4ntes\u00e4nkningarna b\u00f6rjar l\u00e4tta s\u00e5 \u00e4r bostadsbyggande en l\u00e5ng process som tar m\u00e5nga \u00e5r. Vi f\u00f6ljer en redan lagd plan oavsett r\u00e4ntel\u00e4ge.<\/span><\/p>\n<p><b>Hur tror du att eventuella fortsatta r\u00e4ntes\u00e4nkningar kommer att p\u00e5verka era projekt p\u00e5 l\u00e4ngre sikt, s\u00e4rskilt vad g\u00e4ller finansiering och investering?<\/b><\/p>\n<p><span style=\"font-weight: 400;\">\u2013 F\u00f6r v\u00e5r del inneb\u00e4r r\u00e4ntes\u00e4nkningar p\u00e5 sikt att vi kan realisera fler projekt. Vi har satt upp delm\u00e5l och strategier f\u00f6r hur vi ska arbeta med v\u00e5r portf\u00f6lj, och finansieringen kommer att underl\u00e4ttas n\u00e5got. Samtidigt blir det \u00f6kade krav p\u00e5 eget kapital och h\u00e5llbarhetskrav, framf\u00f6r allt under byggnation.\u00a0<\/span><\/p>\n<p><span style=\"font-weight: 400;\">Men ur ett investeringsperspektiv tror jag inte att det kommer att p\u00e5verka n\u00e4mnv\u00e4rt eftersom det finns m\u00e5nga andra faktorer att ta h\u00e4nsyn till. Sj\u00e4lvklart tas r\u00e4ntel\u00e4get i beaktning, men det \u00e4r bara en del av helheten.<\/span><\/p>\n<p><b>Vilka f\u00f6r\u00e4ndringar har du sett i kundernas prioriteringar de senaste \u00e5ren?<\/b><\/p>\n<p><span style=\"font-weight: 400;\">\u2013 N\u00e4r det g\u00e4ller bostadsr\u00e4tter har det blivit mycket sv\u00e5rare att s\u00e4lja p\u00e5 ritning. K\u00f6parna har en \u00f6kad f\u00f6rst\u00e5else f\u00f6r ekonomi och st\u00e4ller mer relevanta fr\u00e5gor. Tidigare s\u00e5g m\u00e5nga bostadsr\u00e4tter som en ren investering, men nu betraktar de det mer som ett hem. Ledtiden fr\u00e5n intresse till avtal har blivit mycket l\u00e4ngre, vilket kr\u00e4ver mer fr\u00e5n utvecklarna. \u00c4ven m\u00e4klarnas roll har f\u00f6r\u00e4ndrats; tidigare, n\u00e4r marknaden var het, kunde de vara mer passiva, men nu kr\u00e4vs st\u00f6rre insatser f\u00f6r att s\u00e4lja projekten.\u00a0<\/span><\/p>\n<p><span style=\"font-weight: 400;\">F\u00f6r hyresr\u00e4tter ser vi ett \u00f6kat intresse f\u00f6r hur man kan minska driftkostnaderna. M\u00e5nga v\u00e4ljer idag att bo utanf\u00f6r stadsk\u00e4rnan och tittar p\u00e5 st\u00f6rre boytor, kanske p\u00e5 grund av att de v\u00e4rdes\u00e4tter hemmakontor mer.<\/span><\/p>\n<p>&nbsp;<\/p>\n<p><b>Ser ni en f\u00f6r\u00e4ndring i hur kunder v\u00e4rderar bostadens flexibilitet och anpassningsbarhet i ljuset av mer distansarbete och f\u00f6r\u00e4ndrade livsstilar?<\/b><\/p>\n<p><span style=\"font-weight: 400;\">\u2013 Absolut, vi ser att fler kunder s\u00f6ker sig utanf\u00f6r st\u00e4derna f\u00f6r att f\u00e5 mer flexibilitet i arbetslivet. St\u00f6rre l\u00e4genheter, d\u00e4r det finns m\u00f6jlighet att jobba hemifr\u00e5n, har blivit mer attraktiva. Det handlar om trygghet och anpassningsbarhet.<\/span><\/p>\n<p><b>Hur arbetar ni med innovation f\u00f6r att st\u00e5 ut p\u00e5 en allt mer konkurrensutsatt marknad?<\/b><\/p>\n<p><span style=\"font-weight: 400;\">\u2013 Innovation \u00e4r avg\u00f6rande f\u00f6r oss. Vi investerar i att k\u00f6pa in kompetens och nya system och l\u00f6sningar, som exempelvis v\u00e5rt samarbete med Envise. De \u00e4r proffs p\u00e5 sina respektive omr\u00e5den, och vi ser det som viktigt att sy ihop dessa olika delar till en helhet. Vi utmanar inte bara oss sj\u00e4lva utan \u00e4ven v\u00e5ra samarbetspartners f\u00f6r att hela tiden f\u00f6rb\u00e4ttras. L\u00e5ngsiktighet \u00e4r centralt, och det \u00e4r viktigt att alla k\u00e4nner sig stolta \u00f6ver vad vi l\u00e4mnar efter oss.\u00a0<\/span><\/p>\n<p><span style=\"font-weight: 400;\">Personligen \u00e4r jag alltid nyfiken och vill jobba med m\u00e4nniskor som delar den inst\u00e4llningen. Jag f\u00f6rs\u00f6ker vara involverad i varje steg av processen, fr\u00e5n detaljplanering till f\u00f6rvaltning, f\u00f6r att hitta problem och l\u00f6sningar i varje led. Genom h\u00e5rt arbete bygger vi en stark grund som vi kan vidareutveckla.\u00a0<\/span><\/p>\n<p><span style=\"font-weight: 400;\">Jag ser ocks\u00e5 potential f\u00f6r innovation inom byggprocessen, exempelvis genom att anv\u00e4nda AI f\u00f6r att f\u00f6lja upp projekt i realtid. Det kan leda till snabbare beslutsprocesser och l\u00e4gre produktionskostnader, vilket \u00e4r avg\u00f6rande n\u00e4r allt blir dyrare. Att ha en tydlig \u00f6verblick \u00f6ver ekonomin i projekten, oavsett var man befinner sig, \u00e4r ocks\u00e5 en mycket intressant aspekt.<\/span><\/p>\n<p><b>Avslutningsvis, ser du n\u00e5gra st\u00f6rre f\u00f6r\u00e4ndringar i Enkla Hems framtid?<\/b><\/p>\n<p><span style=\"font-weight: 400;\">\u2013 V\u00e5rt m\u00e5l \u00e4r att bygga ett fastighetsbolag i framkant, och vi kommer att forts\u00e4tta investera i innovation och l\u00e5ngsiktiga strategier f\u00f6r att uppn\u00e5 detta. Det l\u00e5ngsiktiga m\u00e5let \u00e4r b\u00f6rsnotering.<\/span><\/p>\n<p><span style=\"font-weight: 400;\">Vi tackar Emanuel f\u00f6r hans kloka insikter och tid. Hans reflektioner ger en tydlig bild av hur Enkla Hem f\u00f6rbereder sig f\u00f6r framtiden och vilka utmaningar som v\u00e4ntar p\u00e5 bostadsmarknaden.<\/span><\/p>\n                    <\/article>\r\n                \r\n            <\/div>\r\n        <\/div>\r\n\r\n    <\/div>\r\n<\/section>\n\n\r\n<section id=\"we-help\" class=\"weHelp s_padding \" style=\"padding-top: 0px\">\r\n    <div class=\"container\">\r\n\r\n        <div class=\"wrap\">\r\n            <div class=\"weHelp__block\">\r\n                <svg class=\"weHelp__gradient\" width=\"628\" height=\"675\" viewBox=\"0 0 628 675\" fill=\"none\" xmlns=\"http:\/\/www.w3.org\/2000\/svg\">\r\n                    <path d=\"M369.078 899.982H628L270.732 8.00642C268.789 3.16921 264.124 0 258.923 0H0L357.268 891.994C359.212 896.831 363.876 900 369.078 900V899.982Z\" fill=\"url(#paint0_linear_673_4249)\" \/>\r\n                    <defs>\r\n                        <linearGradient id=\"paint0_linear_673_4249\" x1=\"-159\" y1=\"-101\" x2=\"-366.87\" y2=\"623.42\" gradientUnits=\"userSpaceOnUse\">\r\n                            <stop stop-color=\"#E89FE4\" \/>\r\n                            <stop offset=\"1\" stop-color=\"#FED97A\" stop-opacity=\"0\" \/>\r\n                        <\/linearGradient>\r\n                    <\/defs>\r\n                <\/svg>\r\n                                    <div class=\"weHelp__img\">\r\n                                                    <img decoding=\"async\" src=\"https:\/\/envise.io\/wp-content\/uploads\/2023\/01\/Detail-3D-image_by_Envise.jpg\" alt=\"\">\r\n                                            <\/div>\r\n                                            <\/div>\r\n            <div class=\"weHelp__content\">\r\n                                    <h3>Vi finns h\u00e4r f\u00f6r dig!<\/h3>\r\n                                                    <p>\r\n                        L\u00e5t oss digitalisera era fastighetsprojekt. Kontakta oss idag f\u00f6r att h\u00f6ra mer om hur vi kan optimera er verksamhet.                    <\/p>\r\n                                                    <a href=\"https:\/\/envise.io\/sv\/kontakt\/\" class=\"btn btnOutline\">\r\n                        Kontakta oss f\u00f6r att boka en demo                    <\/a>\r\n                            <\/div>\r\n        <\/div>\r\n\r\n    <\/div>\r\n<\/section>","protected":false},"excerpt":{"rendered":"<p>Vi satte oss ner med Emanuel Vardi, VD p\u00e5 Enkla Hem f\u00f6r att diskutera marknadstrender, framtidsutsikter och de utmaningar som v\u00e4ntar branschen.<\/p>\n","protected":false},"author":11,"featured_media":5544,"comment_status":"open","ping_status":"open","sticky":false,"template":"","format":"standard","meta":{"_acf_changed":false,"footnotes":""},"categories":[1],"tags":[],"class_list":["post-5543","post","type-post","status-publish","format-standard","has-post-thumbnail","hentry","category-okategoriserad"],"acf":[],"yoast_head":"<!-- This site is optimized with the Yoast SEO plugin v27.2 - https:\/\/yoast.com\/product\/yoast-seo-wordpress\/ -->\n<title>Envise M\u00f6ter: Emanuel Vardi - Envise<\/title>\n<meta name=\"robots\" content=\"index, follow, max-snippet:-1, max-image-preview:large, max-video-preview:-1\" \/>\n<link rel=\"canonical\" href=\"https:\/\/envise.io\/sv\/envise-moter-emanuel-vardi\/\" \/>\n<meta name=\"twitter:label1\" content=\"Skriven av\" \/>\n\t<meta name=\"twitter:data1\" content=\"Per Keckman-Persson\" \/>\n\t<meta name=\"twitter:label2\" content=\"Ber\u00e4knad l\u00e4stid\" \/>\n\t<meta name=\"twitter:data2\" content=\"1 minut\" \/>\n<script type=\"application\/ld+json\" class=\"yoast-schema-graph\">{\"@context\":\"https:\/\/schema.org\",\"@graph\":[{\"@type\":\"Article\",\"@id\":\"https:\/\/envise.io\/sv\/envise-moter-emanuel-vardi\/#article\",\"isPartOf\":{\"@id\":\"https:\/\/envise.io\/sv\/envise-moter-emanuel-vardi\/\"},\"author\":{\"name\":\"Per Keckman-Persson\",\"@id\":\"https:\/\/envise.io\/sv\/#\/schema\/person\/4c2f896c39f14322866f4f5531216de3\"},\"headline\":\"Envise M\u00f6ter: Emanuel Vardi\",\"datePublished\":\"2024-09-12T03:45:04+00:00\",\"dateModified\":\"2024-10-08T03:49:22+00:00\",\"mainEntityOfPage\":{\"@id\":\"https:\/\/envise.io\/sv\/envise-moter-emanuel-vardi\/\"},\"wordCount\":5,\"commentCount\":0,\"image\":{\"@id\":\"https:\/\/envise.io\/sv\/envise-moter-emanuel-vardi\/#primaryimage\"},\"thumbnailUrl\":\"https:\/\/envise.io\/wp-content\/uploads\/2024\/10\/emanuel.png\",\"articleSection\":[\"Okategoriserad\"],\"inLanguage\":\"sv-SE\",\"potentialAction\":[{\"@type\":\"CommentAction\",\"name\":\"Comment\",\"target\":[\"https:\/\/envise.io\/sv\/envise-moter-emanuel-vardi\/#respond\"]}]},{\"@type\":\"WebPage\",\"@id\":\"https:\/\/envise.io\/sv\/envise-moter-emanuel-vardi\/\",\"url\":\"https:\/\/envise.io\/sv\/envise-moter-emanuel-vardi\/\",\"name\":\"Envise M\u00f6ter: Emanuel Vardi - Envise\",\"isPartOf\":{\"@id\":\"https:\/\/envise.io\/sv\/#website\"},\"primaryImageOfPage\":{\"@id\":\"https:\/\/envise.io\/sv\/envise-moter-emanuel-vardi\/#primaryimage\"},\"image\":{\"@id\":\"https:\/\/envise.io\/sv\/envise-moter-emanuel-vardi\/#primaryimage\"},\"thumbnailUrl\":\"https:\/\/envise.io\/wp-content\/uploads\/2024\/10\/emanuel.png\",\"datePublished\":\"2024-09-12T03:45:04+00:00\",\"dateModified\":\"2024-10-08T03:49:22+00:00\",\"author\":{\"@id\":\"https:\/\/envise.io\/sv\/#\/schema\/person\/4c2f896c39f14322866f4f5531216de3\"},\"breadcrumb\":{\"@id\":\"https:\/\/envise.io\/sv\/envise-moter-emanuel-vardi\/#breadcrumb\"},\"inLanguage\":\"sv-SE\",\"potentialAction\":[{\"@type\":\"ReadAction\",\"target\":[\"https:\/\/envise.io\/sv\/envise-moter-emanuel-vardi\/\"]}]},{\"@type\":\"ImageObject\",\"inLanguage\":\"sv-SE\",\"@id\":\"https:\/\/envise.io\/sv\/envise-moter-emanuel-vardi\/#primaryimage\",\"url\":\"https:\/\/envise.io\/wp-content\/uploads\/2024\/10\/emanuel.png\",\"contentUrl\":\"https:\/\/envise.io\/wp-content\/uploads\/2024\/10\/emanuel.png\",\"width\":617,\"height\":351},{\"@type\":\"BreadcrumbList\",\"@id\":\"https:\/\/envise.io\/sv\/envise-moter-emanuel-vardi\/#breadcrumb\",\"itemListElement\":[{\"@type\":\"ListItem\",\"position\":1,\"name\":\"Home\",\"item\":\"https:\/\/envise.io\/sv\/\"},{\"@type\":\"ListItem\",\"position\":2,\"name\":\"Envise M\u00f6ter: Emanuel Vardi\"}]},{\"@type\":\"WebSite\",\"@id\":\"https:\/\/envise.io\/sv\/#website\",\"url\":\"https:\/\/envise.io\/sv\/\",\"name\":\"Envise\",\"description\":\"Envise provides real estate with an interactive experience of the future property while handling the present real estate\",\"potentialAction\":[{\"@type\":\"SearchAction\",\"target\":{\"@type\":\"EntryPoint\",\"urlTemplate\":\"https:\/\/envise.io\/sv\/?s={search_term_string}\"},\"query-input\":{\"@type\":\"PropertyValueSpecification\",\"valueRequired\":true,\"valueName\":\"search_term_string\"}}],\"inLanguage\":\"sv-SE\"},{\"@type\":\"Person\",\"@id\":\"https:\/\/envise.io\/sv\/#\/schema\/person\/4c2f896c39f14322866f4f5531216de3\",\"name\":\"Per Keckman-Persson\",\"image\":{\"@type\":\"ImageObject\",\"inLanguage\":\"sv-SE\",\"@id\":\"https:\/\/secure.gravatar.com\/avatar\/870eea0c9a87b915519b44f2db746c92e744bfc9008e468b1ec670352ebcea1e?s=96&d=mm&r=g\",\"url\":\"https:\/\/secure.gravatar.com\/avatar\/870eea0c9a87b915519b44f2db746c92e744bfc9008e468b1ec670352ebcea1e?s=96&d=mm&r=g\",\"contentUrl\":\"https:\/\/secure.gravatar.com\/avatar\/870eea0c9a87b915519b44f2db746c92e744bfc9008e468b1ec670352ebcea1e?s=96&d=mm&r=g\",\"caption\":\"Per Keckman-Persson\"},\"url\":\"https:\/\/envise.io\/sv\/author\/per\/\"}]}<\/script>\n<!-- \/ Yoast SEO plugin. -->","yoast_head_json":{"title":"Envise M\u00f6ter: Emanuel Vardi - Envise","robots":{"index":"index","follow":"follow","max-snippet":"max-snippet:-1","max-image-preview":"max-image-preview:large","max-video-preview":"max-video-preview:-1"},"canonical":"https:\/\/envise.io\/sv\/envise-moter-emanuel-vardi\/","twitter_misc":{"Skriven av":"Per Keckman-Persson","Ber\u00e4knad l\u00e4stid":"1 minut"},"schema":{"@context":"https:\/\/schema.org","@graph":[{"@type":"Article","@id":"https:\/\/envise.io\/sv\/envise-moter-emanuel-vardi\/#article","isPartOf":{"@id":"https:\/\/envise.io\/sv\/envise-moter-emanuel-vardi\/"},"author":{"name":"Per Keckman-Persson","@id":"https:\/\/envise.io\/sv\/#\/schema\/person\/4c2f896c39f14322866f4f5531216de3"},"headline":"Envise M\u00f6ter: Emanuel Vardi","datePublished":"2024-09-12T03:45:04+00:00","dateModified":"2024-10-08T03:49:22+00:00","mainEntityOfPage":{"@id":"https:\/\/envise.io\/sv\/envise-moter-emanuel-vardi\/"},"wordCount":5,"commentCount":0,"image":{"@id":"https:\/\/envise.io\/sv\/envise-moter-emanuel-vardi\/#primaryimage"},"thumbnailUrl":"https:\/\/envise.io\/wp-content\/uploads\/2024\/10\/emanuel.png","articleSection":["Okategoriserad"],"inLanguage":"sv-SE","potentialAction":[{"@type":"CommentAction","name":"Comment","target":["https:\/\/envise.io\/sv\/envise-moter-emanuel-vardi\/#respond"]}]},{"@type":"WebPage","@id":"https:\/\/envise.io\/sv\/envise-moter-emanuel-vardi\/","url":"https:\/\/envise.io\/sv\/envise-moter-emanuel-vardi\/","name":"Envise M\u00f6ter: Emanuel Vardi - Envise","isPartOf":{"@id":"https:\/\/envise.io\/sv\/#website"},"primaryImageOfPage":{"@id":"https:\/\/envise.io\/sv\/envise-moter-emanuel-vardi\/#primaryimage"},"image":{"@id":"https:\/\/envise.io\/sv\/envise-moter-emanuel-vardi\/#primaryimage"},"thumbnailUrl":"https:\/\/envise.io\/wp-content\/uploads\/2024\/10\/emanuel.png","datePublished":"2024-09-12T03:45:04+00:00","dateModified":"2024-10-08T03:49:22+00:00","author":{"@id":"https:\/\/envise.io\/sv\/#\/schema\/person\/4c2f896c39f14322866f4f5531216de3"},"breadcrumb":{"@id":"https:\/\/envise.io\/sv\/envise-moter-emanuel-vardi\/#breadcrumb"},"inLanguage":"sv-SE","potentialAction":[{"@type":"ReadAction","target":["https:\/\/envise.io\/sv\/envise-moter-emanuel-vardi\/"]}]},{"@type":"ImageObject","inLanguage":"sv-SE","@id":"https:\/\/envise.io\/sv\/envise-moter-emanuel-vardi\/#primaryimage","url":"https:\/\/envise.io\/wp-content\/uploads\/2024\/10\/emanuel.png","contentUrl":"https:\/\/envise.io\/wp-content\/uploads\/2024\/10\/emanuel.png","width":617,"height":351},{"@type":"BreadcrumbList","@id":"https:\/\/envise.io\/sv\/envise-moter-emanuel-vardi\/#breadcrumb","itemListElement":[{"@type":"ListItem","position":1,"name":"Home","item":"https:\/\/envise.io\/sv\/"},{"@type":"ListItem","position":2,"name":"Envise M\u00f6ter: Emanuel Vardi"}]},{"@type":"WebSite","@id":"https:\/\/envise.io\/sv\/#website","url":"https:\/\/envise.io\/sv\/","name":"Envise","description":"Envise provides real estate with an interactive experience of the future property while handling the present real estate","potentialAction":[{"@type":"SearchAction","target":{"@type":"EntryPoint","urlTemplate":"https:\/\/envise.io\/sv\/?s={search_term_string}"},"query-input":{"@type":"PropertyValueSpecification","valueRequired":true,"valueName":"search_term_string"}}],"inLanguage":"sv-SE"},{"@type":"Person","@id":"https:\/\/envise.io\/sv\/#\/schema\/person\/4c2f896c39f14322866f4f5531216de3","name":"Per Keckman-Persson","image":{"@type":"ImageObject","inLanguage":"sv-SE","@id":"https:\/\/secure.gravatar.com\/avatar\/870eea0c9a87b915519b44f2db746c92e744bfc9008e468b1ec670352ebcea1e?s=96&d=mm&r=g","url":"https:\/\/secure.gravatar.com\/avatar\/870eea0c9a87b915519b44f2db746c92e744bfc9008e468b1ec670352ebcea1e?s=96&d=mm&r=g","contentUrl":"https:\/\/secure.gravatar.com\/avatar\/870eea0c9a87b915519b44f2db746c92e744bfc9008e468b1ec670352ebcea1e?s=96&d=mm&r=g","caption":"Per Keckman-Persson"},"url":"https:\/\/envise.io\/sv\/author\/per\/"}]}},"_links":{"self":[{"href":"https:\/\/envise.io\/sv\/wp-json\/wp\/v2\/posts\/5543","targetHints":{"allow":["GET"]}}],"collection":[{"href":"https:\/\/envise.io\/sv\/wp-json\/wp\/v2\/posts"}],"about":[{"href":"https:\/\/envise.io\/sv\/wp-json\/wp\/v2\/types\/post"}],"author":[{"embeddable":true,"href":"https:\/\/envise.io\/sv\/wp-json\/wp\/v2\/users\/11"}],"replies":[{"embeddable":true,"href":"https:\/\/envise.io\/sv\/wp-json\/wp\/v2\/comments?post=5543"}],"version-history":[{"count":4,"href":"https:\/\/envise.io\/sv\/wp-json\/wp\/v2\/posts\/5543\/revisions"}],"predecessor-version":[{"id":5551,"href":"https:\/\/envise.io\/sv\/wp-json\/wp\/v2\/posts\/5543\/revisions\/5551"}],"wp:featuredmedia":[{"embeddable":true,"href":"https:\/\/envise.io\/sv\/wp-json\/wp\/v2\/media\/5544"}],"wp:attachment":[{"href":"https:\/\/envise.io\/sv\/wp-json\/wp\/v2\/media?parent=5543"}],"wp:term":[{"taxonomy":"category","embeddable":true,"href":"https:\/\/envise.io\/sv\/wp-json\/wp\/v2\/categories?post=5543"},{"taxonomy":"post_tag","embeddable":true,"href":"https:\/\/envise.io\/sv\/wp-json\/wp\/v2\/tags?post=5543"}],"curies":[{"name":"wp","href":"https:\/\/api.w.org\/{rel}","templated":true}]}}